{"headers": {"id": "ID", "ano": "Ano", "numero": "N\u00famero", "tipo__sigla": "Tipo Documento/Sigla", "tipo__descricao": "Tipo Documento/Descri\u00e7\u00e3o", "assunto": "Assunto"}, "results": [{"id": "20", "ano": "2025", "numero": "1", "tipo__sigla": "ASS", "tipo__descricao": "Ata Sess\u00e3o Solene", "assunto": "Ata da Sess\u00e3o Solene da C\u00e2mara Municipal de Rio da Concei\u00e7\u00e3o/TO, para abertura do Calend\u00e1rio Legislativo do ano de 2025."}]}